{"id":68872,"date":"2025-06-16T11:19:56","date_gmt":"2025-06-16T09:19:56","guid":{"rendered":"https:\/\/www.bioeconomyforchange.eu\/?p=68872"},"modified":"2025-07-31T08:57:00","modified_gmt":"2025-07-31T06:57:00","slug":"assemblee-generale-2025-b4c-celebre-20-ans-dimpact-et-presente-son-bilan-2024","status":"publish","type":"post","link":"https:\/\/international.bioeconomyforchange.eu\/en\/assemblee-generale-2025-b4c-celebre-20-ans-dimpact-et-presente-son-bilan-2024\/","title":{"rendered":"Assembl\u00e9e G\u00e9n\u00e9rale 2025 : B4C c\u00e9l\u00e8bre 20 ans d\u2019impact et pr\u00e9sente son bilan 2024"},"content":{"rendered":"\t\t<div data-elementor-type=\"wp-post\" data-elementor-id=\"68872\" class=\"elementor elementor-68872\" data-elementor-post-type=\"post\">\n\t\t\t\t\t\t<section class=\"elementor-section elementor-top-section elementor-element elementor-element-1aec89c elementor-section-boxed elementor-section-height-default elementor-section-height-default\" data-id=\"1aec89c\" data-element_type=\"section\" data-e-type=\"section\">\n\t\t\t\t\t\t<div class=\"elementor-container elementor-column-gap-default\">\n\t\t\t\t\t<div class=\"elementor-column elementor-col-100 elementor-top-column elementor-element elementor-element-d8389ba\" data-id=\"d8389ba\" data-element_type=\"column\" data-e-type=\"column\">\n\t\t\t<div class=\"elementor-widget-wrap elementor-element-populated\">\n\t\t\t\t\t\t<div class=\"elementor-element elementor-element-5cf0f1a elementor-widget elementor-widget-text-editor\" data-id=\"5cf0f1a\" data-element_type=\"widget\" data-e-type=\"widget\" data-widget_type=\"text-editor.default\">\n\t\t\t\t<div class=\"elementor-widget-container\">\n\t\t\t\t\t\t\t\t\t<p>Le 5 juin 2025, <strong data-start=\"325\" data-end=\"350\">Bioeconomy For Change<\/strong> a organis\u00e9 son Assembl\u00e9e G\u00e9n\u00e9rale annuelle \u00e0 Bezannes \u2013 un \u00e9v\u00e9nement \u00e0 la fois strat\u00e9gique, f\u00e9d\u00e9rateur\u2026 et festif\u202f! L\u2019occasion de <strong data-start=\"484\" data-end=\"524\">pr\u00e9senter le rapport d\u2019activit\u00e9 2024<\/strong>, de <strong data-start=\"529\" data-end=\"584\">revenir sur 20 ans d\u2019engagement pour la bio\u00e9conomie<\/strong>, et de partager une vision d\u2019avenir ambitieuse.<\/p>\t\t\t\t\t\t\t\t<\/div>\n\t\t\t\t<\/div>\n\t\t\t\t\t<\/div>\n\t\t<\/div>\n\t\t\t\t\t<\/div>\n\t\t<\/section>\n\t\t\t\t<section class=\"elementor-section elementor-top-section elementor-element elementor-element-4311b9b elementor-section-boxed elementor-section-height-default elementor-section-height-default\" data-id=\"4311b9b\" data-element_type=\"section\" data-e-type=\"section\">\n\t\t\t\t\t\t<div class=\"elementor-container elementor-column-gap-default\">\n\t\t\t\t\t<div class=\"elementor-column elementor-col-100 elementor-top-column elementor-element elementor-element-dd25f18\" data-id=\"dd25f18\" data-element_type=\"column\" data-e-type=\"column\">\n\t\t\t<div class=\"elementor-widget-wrap elementor-element-populated\">\n\t\t\t\t\t\t<div class=\"elementor-element elementor-element-109b7c7 elementor-arrows-position-inside elementor-pagination-position-outside elementor-widget elementor-widget-image-carousel\" data-id=\"109b7c7\" data-element_type=\"widget\" data-e-type=\"widget\" data-settings=\"{&quot;slides_to_show&quot;:&quot;1&quot;,&quot;navigation&quot;:&quot;both&quot;,&quot;autoplay&quot;:&quot;yes&quot;,&quot;pause_on_hover&quot;:&quot;yes&quot;,&quot;pause_on_interaction&quot;:&quot;yes&quot;,&quot;autoplay_speed&quot;:5000,&quot;infinite&quot;:&quot;yes&quot;,&quot;effect&quot;:&quot;slide&quot;,&quot;speed&quot;:500}\" data-widget_type=\"image-carousel.default\">\n\t\t\t\t<div class=\"elementor-widget-container\">\n\t\t\t\t\t\t\t<div class=\"elementor-image-carousel-wrapper swiper\" role=\"region\" aria-roledescription=\"carousel\" aria-label=\"Carrousel d\u2019images\" dir=\"ltr\">\n\t\t\t<div class=\"elementor-image-carousel swiper-wrapper\" aria-live=\"off\">\n\t\t\t\t\t\t\t\t<div class=\"swiper-slide\" role=\"group\" aria-roledescription=\"slide\" aria-label=\"1 of 3\"><figure class=\"swiper-slide-inner\"><img decoding=\"async\" class=\"swiper-slide-image\" src=\"https:\/\/www.bioeconomyforchange.eu\/wp-content\/uploads\/2025\/06\/1749141064892-1024x569.jpg\" alt=\"Assembl\u00e9e G\u00e9n\u00e9rale B4C\" \/><\/figure><\/div><div class=\"swiper-slide\" role=\"group\" aria-roledescription=\"slide\" aria-label=\"2 of 3\"><figure class=\"swiper-slide-inner\"><img decoding=\"async\" class=\"swiper-slide-image\" src=\"https:\/\/www.bioeconomyforchange.eu\/wp-content\/uploads\/2025\/06\/1749141065047-1024x768.jpg\" alt=\"Assembl\u00e9e G\u00e9n\u00e9rale B4C\" \/><\/figure><\/div><div class=\"swiper-slide\" role=\"group\" aria-roledescription=\"slide\" aria-label=\"3 of 3\"><figure class=\"swiper-slide-inner\"><img decoding=\"async\" class=\"swiper-slide-image\" src=\"https:\/\/www.bioeconomyforchange.eu\/wp-content\/uploads\/2025\/06\/1749141065179-1024x768.jpg\" alt=\"Assembl\u00e9e G\u00e9n\u00e9rale B4C\" \/><\/figure><\/div>\t\t\t<\/div>\n\t\t\t\t\t\t\t\t\t\t\t\t<div class=\"elementor-swiper-button elementor-swiper-button-prev\" role=\"button\" tabindex=\"0\">\n\t\t\t\t\t\t<i aria-hidden=\"true\" class=\"eicon-chevron-left\"><\/i>\t\t\t\t\t<\/div>\n\t\t\t\t\t<div class=\"elementor-swiper-button elementor-swiper-button-next\" role=\"button\" tabindex=\"0\">\n\t\t\t\t\t\t<i aria-hidden=\"true\" class=\"eicon-chevron-right\"><\/i>\t\t\t\t\t<\/div>\n\t\t\t\t\n\t\t\t\t\t\t\t\t\t<div class=\"swiper-pagination\"><\/div>\n\t\t\t\t\t\t\t\t\t<\/div>\n\t\t\t\t\t\t<\/div>\n\t\t\t\t<\/div>\n\t\t\t\t<div class=\"elementor-element elementor-element-8d6cb4a elementor-widget elementor-widget-text-editor\" data-id=\"8d6cb4a\" data-element_type=\"widget\" data-e-type=\"widget\" data-widget_type=\"text-editor.default\">\n\t\t\t\t<div class=\"elementor-widget-container\">\n\t\t\t\t\t\t\t\t\t<h4 data-start=\"696\" data-end=\"756\">Un rapport d\u2019activit\u00e9 2024 qui refl\u00e8te notre dynamisme<\/h4>\t\t\t\t\t\t\t\t<\/div>\n\t\t\t\t<\/div>\n\t\t\t\t\t<\/div>\n\t\t<\/div>\n\t\t\t\t\t<\/div>\n\t\t<\/section>\n\t\t\t\t<section class=\"elementor-section elementor-top-section elementor-element elementor-element-4cd744bb elementor-section-boxed elementor-section-height-default elementor-section-height-default\" data-id=\"4cd744bb\" data-element_type=\"section\" data-e-type=\"section\">\n\t\t\t\t\t\t<div class=\"elementor-container elementor-column-gap-default\">\n\t\t\t\t\t<div class=\"elementor-column elementor-col-100 elementor-top-column elementor-element elementor-element-6c51728a\" data-id=\"6c51728a\" data-element_type=\"column\" data-e-type=\"column\">\n\t\t\t<div class=\"elementor-widget-wrap elementor-element-populated\">\n\t\t\t\t\t\t<div class=\"elementor-element elementor-element-3bd79522 elementor-widget elementor-widget-text-editor\" data-id=\"3bd79522\" data-element_type=\"widget\" data-e-type=\"widget\" data-widget_type=\"text-editor.default\">\n\t\t\t\t<div class=\"elementor-widget-container\">\n\t\t\t\t\t\t\t\t\t<p data-start=\"758\" data-end=\"899\">Pr\u00e9sent\u00e9 \u00e0 l\u2019occasion de cette Assembl\u00e9e G\u00e9n\u00e9rale, le <strong data-start=\"796\" data-end=\"823\">rapport d\u2019activit\u00e9 2024<\/strong> met en lumi\u00e8re notre \u00e9nergie collective et les r\u00e9sultats concrets obtenus :<\/p><ul><li data-start=\"805\" data-end=\"898\"><p data-start=\"807\" data-end=\"898\"><strong data-start=\"807\" data-end=\"823\">+500 membres<\/strong> engag\u00e9s dans les fili\u00e8res biosourc\u00e9es, de l\u2019amont agricole aux industries.<\/p><\/li><li data-start=\"899\" data-end=\"1022\"><p data-start=\"901\" data-end=\"1022\"><strong data-start=\"901\" data-end=\"915\">40 experts<\/strong> mobilis\u00e9s dans l\u2019accompagnement \u00e0 l\u2019innovation, la structuration de fili\u00e8res et la coop\u00e9ration europ\u00e9enne.<\/p><\/li><li data-start=\"1023\" data-end=\"1145\"><p data-start=\"1025\" data-end=\"1145\"><strong data-start=\"1025\" data-end=\"1048\">126 projets<\/strong> accompagn\u00e9s en 2024, dont <strong>44\u00a0financ\u00e9s<\/strong> avec un total de <strong>59,8 millions d&#8217;euros d&#8217;aides obtenues<\/strong>.<\/p><\/li><li data-start=\"1146\" data-end=\"1254\"><p data-start=\"1148\" data-end=\"1254\"><strong>23 \u00e9tudes strat\u00e9giques<\/strong> r\u00e9alis\u00e9es.<\/p><\/li><li data-start=\"1146\" data-end=\"1254\"><strong>60 \u00e9v\u00e9nements organis\u00e9s<\/strong> qui ont rassembl\u00e9s <strong>4 000 participant<\/strong>s et d\u00e9clench\u00e9s <strong>2 200 rendez-vous BtoB<\/strong>.<\/li><\/ul><p>\ud83d\udc49 <span style=\"text-decoration: underline;\"><em><a href=\"https:\/\/www.bioeconomyforchange.eu\/wp-content\/uploads\/2025\/06\/Rapport-dactivite-B4C-2024.pdf\">Consulter le rapport complet<\/a><\/em><\/span><\/p><h5>Visionner le bilan anim\u00e9 du rapport :<\/h5><p><iframe src=\"\/\/www.youtube.com\/embed\/juD4lcRwHTA\" width=\"560\" height=\"314\" allowfullscreen=\"allowfullscreen\"><\/iframe><\/p><h3 data-start=\"1400\" data-end=\"1450\">\u00a0<\/h3><h4 data-start=\"1400\" data-end=\"1450\">Des t\u00e9moignages forts et une vision partag\u00e9e<\/h4><p>Nous remercions chaleureusement la R\u00e9gion Grand Est et la R\u00e9gion Hauts-de-France pour leur soutien structurant, moteur de notre ambition collective.<br \/>Plusieurs repr\u00e9sentants de ces territoires ont pris la parole pour souligner, chacun \u00e0 leur mani\u00e8re, l\u2019importance d\u2019une bio\u00e9conomie territoriale, ambitieuse et f\u00e9d\u00e9ratrice, comme <strong data-start=\"1554\" data-end=\"1573\">Xavier Bertrand, <\/strong>Pr\u00e9sident de la R\u00e9gion des Hauts-de-France, <strong data-start=\"1575\" data-end=\"1591\">Franck Leroy<\/strong>, Pr\u00e9sident de la R\u00e9gion Grand Est, <strong>Philippe Mangin<\/strong>, Vice-Pr\u00e9sident de la R\u00e9gion Grand Est \u2013 D\u00e9l\u00e9gation Bio\u00e9conomie, bio\u00e9nergies et alimentation durable ou encore <strong data-start=\"1603\" data-end=\"1621\">Arnaud Robinet<\/strong>, Maire de Reims et Pr\u00e9sident du\u00a0Grand Reims.<\/p><p>Mention sp\u00e9ciale \u00e0 <strong>Caroline Lair<\/strong>, fondatrice de The Good AI et cofondatrice de Women AI, pour ses pr\u00e9cieux \u00e9clairages sur l&#8217;usage de l\u2019intelligence artificielle au service des fili\u00e8res bio-sourc\u00e9es.<\/p>\t\t\t\t\t\t\t\t<\/div>\n\t\t\t\t<\/div>\n\t\t\t\t\t<\/div>\n\t\t<\/div>\n\t\t\t\t\t<\/div>\n\t\t<\/section>\n\t\t\t\t<section class=\"elementor-section elementor-top-section elementor-element elementor-element-b5ed9e0 elementor-section-boxed elementor-section-height-default elementor-section-height-default\" data-id=\"b5ed9e0\" data-element_type=\"section\" data-e-type=\"section\">\n\t\t\t\t\t\t<div class=\"elementor-container elementor-column-gap-default\">\n\t\t\t\t\t<div class=\"elementor-column elementor-col-100 elementor-top-column elementor-element elementor-element-ebbd587\" data-id=\"ebbd587\" data-element_type=\"column\" data-e-type=\"column\">\n\t\t\t<div class=\"elementor-widget-wrap elementor-element-populated\">\n\t\t\t\t\t\t<div class=\"elementor-element elementor-element-08d81f9 elementor-arrows-position-inside elementor-pagination-position-outside elementor-widget elementor-widget-image-carousel\" data-id=\"08d81f9\" data-element_type=\"widget\" data-e-type=\"widget\" data-settings=\"{&quot;slides_to_show&quot;:&quot;1&quot;,&quot;navigation&quot;:&quot;both&quot;,&quot;autoplay&quot;:&quot;yes&quot;,&quot;pause_on_hover&quot;:&quot;yes&quot;,&quot;pause_on_interaction&quot;:&quot;yes&quot;,&quot;autoplay_speed&quot;:5000,&quot;infinite&quot;:&quot;yes&quot;,&quot;effect&quot;:&quot;slide&quot;,&quot;speed&quot;:500}\" data-widget_type=\"image-carousel.default\">\n\t\t\t\t<div class=\"elementor-widget-container\">\n\t\t\t\t\t\t\t<div class=\"elementor-image-carousel-wrapper swiper\" role=\"region\" aria-roledescription=\"carousel\" aria-label=\"Carrousel d\u2019images\" dir=\"ltr\">\n\t\t\t<div class=\"elementor-image-carousel swiper-wrapper\" aria-live=\"off\">\n\t\t\t\t\t\t\t\t<div class=\"swiper-slide\" role=\"group\" aria-roledescription=\"slide\" aria-label=\"1 of 5\"><figure class=\"swiper-slide-inner\"><img decoding=\"async\" class=\"swiper-slide-image\" src=\"https:\/\/www.bioeconomyforchange.eu\/wp-content\/uploads\/2025\/06\/1749141065337-1024x604.jpg\" alt=\"Assembl\u00e9e G\u00e9n\u00e9rale B4C\" \/><\/figure><\/div><div class=\"swiper-slide\" role=\"group\" aria-roledescription=\"slide\" aria-label=\"2 of 5\"><figure class=\"swiper-slide-inner\"><img decoding=\"async\" class=\"swiper-slide-image\" src=\"https:\/\/www.bioeconomyforchange.eu\/wp-content\/uploads\/2025\/06\/1749141065118-1024x768.jpg\" alt=\"Assembl\u00e9e G\u00e9n\u00e9rale B4C\" \/><\/figure><\/div><div class=\"swiper-slide\" role=\"group\" aria-roledescription=\"slide\" aria-label=\"3 of 5\"><figure class=\"swiper-slide-inner\"><img decoding=\"async\" class=\"swiper-slide-image\" src=\"https:\/\/www.bioeconomyforchange.eu\/wp-content\/uploads\/2025\/06\/1749141073457-1024x613.jpg\" alt=\"Assembl\u00e9e G\u00e9n\u00e9rale B4C\" \/><\/figure><\/div><div class=\"swiper-slide\" role=\"group\" aria-roledescription=\"slide\" aria-label=\"4 of 5\"><figure class=\"swiper-slide-inner\"><img decoding=\"async\" class=\"swiper-slide-image\" src=\"https:\/\/www.bioeconomyforchange.eu\/wp-content\/uploads\/2025\/06\/1749141068539-1-1024x768.jpg\" alt=\"Assembl\u00e9e G\u00e9n\u00e9rale B4C\" \/><\/figure><\/div><div class=\"swiper-slide\" role=\"group\" aria-roledescription=\"slide\" aria-label=\"5 of 5\"><figure class=\"swiper-slide-inner\"><img decoding=\"async\" class=\"swiper-slide-image\" src=\"https:\/\/www.bioeconomyforchange.eu\/wp-content\/uploads\/2025\/06\/1749141066011-1024x768.jpg\" alt=\"Assembl\u00e9e G\u00e9n\u00e9rale B4C\" \/><\/figure><\/div>\t\t\t<\/div>\n\t\t\t\t\t\t\t\t\t\t\t\t<div class=\"elementor-swiper-button elementor-swiper-button-prev\" role=\"button\" tabindex=\"0\">\n\t\t\t\t\t\t<i aria-hidden=\"true\" class=\"eicon-chevron-left\"><\/i>\t\t\t\t\t<\/div>\n\t\t\t\t\t<div class=\"elementor-swiper-button elementor-swiper-button-next\" role=\"button\" tabindex=\"0\">\n\t\t\t\t\t\t<i aria-hidden=\"true\" class=\"eicon-chevron-right\"><\/i>\t\t\t\t\t<\/div>\n\t\t\t\t\n\t\t\t\t\t\t\t\t\t<div class=\"swiper-pagination\"><\/div>\n\t\t\t\t\t\t\t\t\t<\/div>\n\t\t\t\t\t\t<\/div>\n\t\t\t\t<\/div>\n\t\t\t\t\t<\/div>\n\t\t<\/div>\n\t\t\t\t\t<\/div>\n\t\t<\/section>\n\t\t\t\t<section class=\"elementor-section elementor-top-section elementor-element elementor-element-7c118bf elementor-section-boxed elementor-section-height-default elementor-section-height-default\" data-id=\"7c118bf\" data-element_type=\"section\" data-e-type=\"section\">\n\t\t\t\t\t\t<div class=\"elementor-container elementor-column-gap-default\">\n\t\t\t\t\t<div class=\"elementor-column elementor-col-100 elementor-top-column elementor-element elementor-element-bfb74b2\" data-id=\"bfb74b2\" data-element_type=\"column\" data-e-type=\"column\">\n\t\t\t<div class=\"elementor-widget-wrap elementor-element-populated\">\n\t\t\t\t\t\t<div class=\"elementor-element elementor-element-66fd7a7 elementor-widget elementor-widget-text-editor\" data-id=\"66fd7a7\" data-element_type=\"widget\" data-e-type=\"widget\" data-widget_type=\"text-editor.default\">\n\t\t\t\t<div class=\"elementor-widget-container\">\n\t\t\t\t\t\t\t\t\t<h4 data-start=\"1818\" data-end=\"1871\">20 ans d\u2019innovation, de coop\u00e9ration et d\u2019impact<\/h4><p data-start=\"1873\" data-end=\"2158\">Depuis sa cr\u00e9ation en 2005, B4C a \u00e9volu\u00e9 pour devenir <strong data-start=\"1927\" data-end=\"1981\">le r\u00e9seau de r\u00e9f\u00e9rence de la bio\u00e9conomie en France<\/strong>. Cette Assembl\u00e9e G\u00e9n\u00e9rale a \u00e9t\u00e9 l\u2019occasion de retracer le chemin parcouru : des premi\u00e8res coop\u00e9rations aux projets europ\u00e9ens, en passant par le soutien \u00e0 l\u2019innovation sur tous les territoires.<\/p><h5 data-start=\"1873\" data-end=\"2158\">Visionner le chemin parcouru par B4C en vid\u00e9o :<\/h5><p data-start=\"1873\" data-end=\"2158\"><iframe src=\"\/\/www.youtube.com\/embed\/PNG1Qc3i8Q4\" width=\"560\" height=\"314\" allowfullscreen=\"allowfullscreen\" data-mce-fragment=\"1\"><\/iframe><\/p>\t\t\t\t\t\t\t\t<\/div>\n\t\t\t\t<\/div>\n\t\t\t\t\t<\/div>\n\t\t<\/div>\n\t\t\t\t\t<\/div>\n\t\t<\/section>\n\t\t\t\t<\/div>\n\t\t","protected":false},"excerpt":{"rendered":"<p>Le 5 juin 2025, Bioeconomy For Change a organis\u00e9 son Assembl\u00e9e G\u00e9n\u00e9rale annuelle \u00e0 Bezannes \u2013 un \u00e9v\u00e9nement \u00e0 la fois strat\u00e9gique, f\u00e9d\u00e9rateur\u2026 et festif\u202f! L\u2019occasion de pr\u00e9senter le rapport d\u2019activit\u00e9 2024, de revenir sur 20 ans d\u2019engagement pour la bio\u00e9conomie, et de partager une vision d\u2019avenir ambitieuse. Un rapport d\u2019activit\u00e9 2024 qui refl\u00e8te notre [&hellip;]<\/p>\n","protected":false},"author":8,"featured_media":68873,"comment_status":"closed","ping_status":"closed","sticky":false,"template":"","format":"standard","meta":{"footnotes":""},"categories":[146],"tags":[],"class_list":["post-68872","post","type-post","status-publish","format-standard","has-post-thumbnail","hentry","category-change-en"],"yoast_head":"<!-- This site is optimized with the Yoast SEO plugin v27.2 - https:\/\/yoast.com\/product\/yoast-seo-wordpress\/ -->\n<title>Assembl\u00e9e G\u00e9n\u00e9rale 2025 : B4C c\u00e9l\u00e8bre 20 ans d\u2019impact et pr\u00e9sente son bilan 2024 - Bioeconomy For Change<\/title>\n<meta name=\"description\" content=\"Assembl\u00e9e G\u00e9n\u00e9rale 2025 de Bioeconomy For Change : bilan 2024, 20 ans d\u2019engagement et perspectives ambitieuses pour la bio\u00e9conomie.\" \/>\n<meta name=\"robots\" content=\"index, follow, max-snippet:-1, max-image-preview:large, max-video-preview:-1\" \/>\n<link rel=\"canonical\" href=\"https:\/\/international.bioeconomyforchange.eu\/en\/assemblee-generale-2025-b4c-celebre-20-ans-dimpact-et-presente-son-bilan-2024\/\" \/>\n<meta property=\"og:locale\" content=\"en_US\" \/>\n<meta property=\"og:type\" content=\"article\" \/>\n<meta property=\"og:title\" content=\"Assembl\u00e9e G\u00e9n\u00e9rale 2025 : B4C c\u00e9l\u00e8bre 20 ans d\u2019impact et pr\u00e9sente son bilan 2024 - Bioeconomy For Change\" \/>\n<meta property=\"og:description\" content=\"Assembl\u00e9e G\u00e9n\u00e9rale 2025 de Bioeconomy For Change : bilan 2024, 20 ans d\u2019engagement et perspectives ambitieuses pour la bio\u00e9conomie.\" \/>\n<meta property=\"og:url\" content=\"https:\/\/international.bioeconomyforchange.eu\/en\/assemblee-generale-2025-b4c-celebre-20-ans-dimpact-et-presente-son-bilan-2024\/\" \/>\n<meta property=\"og:site_name\" content=\"Bioeconomy For Change\" \/>\n<meta property=\"article:published_time\" content=\"2025-06-16T09:19:56+00:00\" \/>\n<meta property=\"article:modified_time\" content=\"2025-07-31T06:57:00+00:00\" \/>\n<meta property=\"og:image\" content=\"https:\/\/www.bioeconomyforchange.eu\/wp-content\/uploads\/2025\/06\/rapport-dactivite-2024.png\" \/>\n\t<meta property=\"og:image:width\" content=\"1309\" \/>\n\t<meta property=\"og:image:height\" content=\"729\" \/>\n\t<meta property=\"og:image:type\" content=\"image\/png\" \/>\n<meta name=\"author\" content=\"Sophie Murias\" \/>\n<meta name=\"twitter:card\" content=\"summary_large_image\" \/>\n<meta name=\"twitter:label1\" content=\"Written by\" \/>\n\t<meta name=\"twitter:data1\" content=\"Sophie Murias\" \/>\n\t<meta name=\"twitter:label2\" content=\"Est. reading time\" \/>\n\t<meta name=\"twitter:data2\" content=\"4 minutes\" \/>\n<script type=\"application\/ld+json\" class=\"yoast-schema-graph\">{\"@context\":\"https:\/\/schema.org\",\"@graph\":[{\"@type\":\"Article\",\"@id\":\"https:\/\/international.bioeconomyforchange.eu\/en\/assemblee-generale-2025-b4c-celebre-20-ans-dimpact-et-presente-son-bilan-2024\/#article\",\"isPartOf\":{\"@id\":\"https:\/\/international.bioeconomyforchange.eu\/en\/assemblee-generale-2025-b4c-celebre-20-ans-dimpact-et-presente-son-bilan-2024\/\"},\"author\":{\"name\":\"Sophie Murias\",\"@id\":\"https:\/\/international.bioeconomyforchange.eu\/#\/schema\/person\/ba631d8b286256815053bc9e7fe155a9\"},\"headline\":\"Assembl\u00e9e G\u00e9n\u00e9rale 2025 : B4C c\u00e9l\u00e8bre 20 ans d\u2019impact et pr\u00e9sente son bilan 2024\",\"datePublished\":\"2025-06-16T09:19:56+00:00\",\"dateModified\":\"2025-07-31T06:57:00+00:00\",\"mainEntityOfPage\":{\"@id\":\"https:\/\/international.bioeconomyforchange.eu\/en\/assemblee-generale-2025-b4c-celebre-20-ans-dimpact-et-presente-son-bilan-2024\/\"},\"wordCount\":416,\"image\":{\"@id\":\"https:\/\/international.bioeconomyforchange.eu\/en\/assemblee-generale-2025-b4c-celebre-20-ans-dimpact-et-presente-son-bilan-2024\/#primaryimage\"},\"thumbnailUrl\":\"https:\/\/www.bioeconomyforchange.eu\/wp-content\/uploads\/2025\/06\/rapport-dactivite-2024.png\",\"articleSection\":[\"Change\"],\"inLanguage\":\"en-US\"},{\"@type\":\"WebPage\",\"@id\":\"https:\/\/international.bioeconomyforchange.eu\/en\/assemblee-generale-2025-b4c-celebre-20-ans-dimpact-et-presente-son-bilan-2024\/\",\"url\":\"https:\/\/international.bioeconomyforchange.eu\/en\/assemblee-generale-2025-b4c-celebre-20-ans-dimpact-et-presente-son-bilan-2024\/\",\"name\":\"Assembl\u00e9e G\u00e9n\u00e9rale 2025 : B4C c\u00e9l\u00e8bre 20 ans d\u2019impact et pr\u00e9sente son bilan 2024 - Bioeconomy For Change\",\"isPartOf\":{\"@id\":\"https:\/\/international.bioeconomyforchange.eu\/#website\"},\"primaryImageOfPage\":{\"@id\":\"https:\/\/international.bioeconomyforchange.eu\/en\/assemblee-generale-2025-b4c-celebre-20-ans-dimpact-et-presente-son-bilan-2024\/#primaryimage\"},\"image\":{\"@id\":\"https:\/\/international.bioeconomyforchange.eu\/en\/assemblee-generale-2025-b4c-celebre-20-ans-dimpact-et-presente-son-bilan-2024\/#primaryimage\"},\"thumbnailUrl\":\"https:\/\/www.bioeconomyforchange.eu\/wp-content\/uploads\/2025\/06\/rapport-dactivite-2024.png\",\"datePublished\":\"2025-06-16T09:19:56+00:00\",\"dateModified\":\"2025-07-31T06:57:00+00:00\",\"author\":{\"@id\":\"https:\/\/international.bioeconomyforchange.eu\/#\/schema\/person\/ba631d8b286256815053bc9e7fe155a9\"},\"description\":\"Assembl\u00e9e G\u00e9n\u00e9rale 2025 de Bioeconomy For Change : bilan 2024, 20 ans d\u2019engagement et perspectives ambitieuses pour la bio\u00e9conomie.\",\"breadcrumb\":{\"@id\":\"https:\/\/international.bioeconomyforchange.eu\/en\/assemblee-generale-2025-b4c-celebre-20-ans-dimpact-et-presente-son-bilan-2024\/#breadcrumb\"},\"inLanguage\":\"en-US\",\"potentialAction\":[{\"@type\":\"ReadAction\",\"target\":[\"https:\/\/international.bioeconomyforchange.eu\/en\/assemblee-generale-2025-b4c-celebre-20-ans-dimpact-et-presente-son-bilan-2024\/\"]}]},{\"@type\":\"ImageObject\",\"inLanguage\":\"en-US\",\"@id\":\"https:\/\/international.bioeconomyforchange.eu\/en\/assemblee-generale-2025-b4c-celebre-20-ans-dimpact-et-presente-son-bilan-2024\/#primaryimage\",\"url\":\"https:\/\/www.bioeconomyforchange.eu\/wp-content\/uploads\/2025\/06\/rapport-dactivite-2024.png\",\"contentUrl\":\"https:\/\/www.bioeconomyforchange.eu\/wp-content\/uploads\/2025\/06\/rapport-dactivite-2024.png\",\"width\":1309,\"height\":729,\"caption\":\"rapport d'activit\u00e9 2024\"},{\"@type\":\"BreadcrumbList\",\"@id\":\"https:\/\/international.bioeconomyforchange.eu\/en\/assemblee-generale-2025-b4c-celebre-20-ans-dimpact-et-presente-son-bilan-2024\/#breadcrumb\",\"itemListElement\":[{\"@type\":\"ListItem\",\"position\":1,\"name\":\"Accueil\",\"item\":\"https:\/\/www.bioeconomyforchange.eu\/en\/\"},{\"@type\":\"ListItem\",\"position\":2,\"name\":\"Assembl\u00e9e G\u00e9n\u00e9rale 2025 : B4C c\u00e9l\u00e8bre 20 ans d\u2019impact et pr\u00e9sente son bilan 2024\"}]},{\"@type\":\"WebSite\",\"@id\":\"https:\/\/international.bioeconomyforchange.eu\/#website\",\"url\":\"https:\/\/international.bioeconomyforchange.eu\/\",\"name\":\"Bioeconomy For Change\",\"description\":\"\",\"potentialAction\":[{\"@type\":\"SearchAction\",\"target\":{\"@type\":\"EntryPoint\",\"urlTemplate\":\"https:\/\/international.bioeconomyforchange.eu\/?s={search_term_string}\"},\"query-input\":{\"@type\":\"PropertyValueSpecification\",\"valueRequired\":true,\"valueName\":\"search_term_string\"}}],\"inLanguage\":\"en-US\"},{\"@type\":\"Person\",\"@id\":\"https:\/\/international.bioeconomyforchange.eu\/#\/schema\/person\/ba631d8b286256815053bc9e7fe155a9\",\"name\":\"Sophie Murias\",\"image\":{\"@type\":\"ImageObject\",\"inLanguage\":\"en-US\",\"@id\":\"https:\/\/secure.gravatar.com\/avatar\/f4f65bda752e82a4ac94dd3349969531024b2260af6fc18e98d465af67a446d2?s=96&d=mm&r=g\",\"url\":\"https:\/\/secure.gravatar.com\/avatar\/f4f65bda752e82a4ac94dd3349969531024b2260af6fc18e98d465af67a446d2?s=96&d=mm&r=g\",\"contentUrl\":\"https:\/\/secure.gravatar.com\/avatar\/f4f65bda752e82a4ac94dd3349969531024b2260af6fc18e98d465af67a446d2?s=96&d=mm&r=g\",\"caption\":\"Sophie Murias\"},\"url\":\"https:\/\/international.bioeconomyforchange.eu\/en\/author\/sophie\/\"}]}<\/script>\n<!-- \/ Yoast SEO plugin. -->","yoast_head_json":{"title":"Assembl\u00e9e G\u00e9n\u00e9rale 2025 : B4C c\u00e9l\u00e8bre 20 ans d\u2019impact et pr\u00e9sente son bilan 2024 - Bioeconomy For Change","description":"Assembl\u00e9e G\u00e9n\u00e9rale 2025 de Bioeconomy For Change : bilan 2024, 20 ans d\u2019engagement et perspectives ambitieuses pour la bio\u00e9conomie.","robots":{"index":"index","follow":"follow","max-snippet":"max-snippet:-1","max-image-preview":"max-image-preview:large","max-video-preview":"max-video-preview:-1"},"canonical":"https:\/\/international.bioeconomyforchange.eu\/en\/assemblee-generale-2025-b4c-celebre-20-ans-dimpact-et-presente-son-bilan-2024\/","og_locale":"en_US","og_type":"article","og_title":"Assembl\u00e9e G\u00e9n\u00e9rale 2025 : B4C c\u00e9l\u00e8bre 20 ans d\u2019impact et pr\u00e9sente son bilan 2024 - Bioeconomy For Change","og_description":"Assembl\u00e9e G\u00e9n\u00e9rale 2025 de Bioeconomy For Change : bilan 2024, 20 ans d\u2019engagement et perspectives ambitieuses pour la bio\u00e9conomie.","og_url":"https:\/\/international.bioeconomyforchange.eu\/en\/assemblee-generale-2025-b4c-celebre-20-ans-dimpact-et-presente-son-bilan-2024\/","og_site_name":"Bioeconomy For Change","article_published_time":"2025-06-16T09:19:56+00:00","article_modified_time":"2025-07-31T06:57:00+00:00","og_image":[{"width":1309,"height":729,"url":"https:\/\/www.bioeconomyforchange.eu\/wp-content\/uploads\/2025\/06\/rapport-dactivite-2024.png","type":"image\/png"}],"author":"Sophie Murias","twitter_card":"summary_large_image","twitter_misc":{"Written by":"Sophie Murias","Est. reading time":"4 minutes"},"schema":{"@context":"https:\/\/schema.org","@graph":[{"@type":"Article","@id":"https:\/\/international.bioeconomyforchange.eu\/en\/assemblee-generale-2025-b4c-celebre-20-ans-dimpact-et-presente-son-bilan-2024\/#article","isPartOf":{"@id":"https:\/\/international.bioeconomyforchange.eu\/en\/assemblee-generale-2025-b4c-celebre-20-ans-dimpact-et-presente-son-bilan-2024\/"},"author":{"name":"Sophie Murias","@id":"https:\/\/international.bioeconomyforchange.eu\/#\/schema\/person\/ba631d8b286256815053bc9e7fe155a9"},"headline":"Assembl\u00e9e G\u00e9n\u00e9rale 2025 : B4C c\u00e9l\u00e8bre 20 ans d\u2019impact et pr\u00e9sente son bilan 2024","datePublished":"2025-06-16T09:19:56+00:00","dateModified":"2025-07-31T06:57:00+00:00","mainEntityOfPage":{"@id":"https:\/\/international.bioeconomyforchange.eu\/en\/assemblee-generale-2025-b4c-celebre-20-ans-dimpact-et-presente-son-bilan-2024\/"},"wordCount":416,"image":{"@id":"https:\/\/international.bioeconomyforchange.eu\/en\/assemblee-generale-2025-b4c-celebre-20-ans-dimpact-et-presente-son-bilan-2024\/#primaryimage"},"thumbnailUrl":"https:\/\/www.bioeconomyforchange.eu\/wp-content\/uploads\/2025\/06\/rapport-dactivite-2024.png","articleSection":["Change"],"inLanguage":"en-US"},{"@type":"WebPage","@id":"https:\/\/international.bioeconomyforchange.eu\/en\/assemblee-generale-2025-b4c-celebre-20-ans-dimpact-et-presente-son-bilan-2024\/","url":"https:\/\/international.bioeconomyforchange.eu\/en\/assemblee-generale-2025-b4c-celebre-20-ans-dimpact-et-presente-son-bilan-2024\/","name":"Assembl\u00e9e G\u00e9n\u00e9rale 2025 : B4C c\u00e9l\u00e8bre 20 ans d\u2019impact et pr\u00e9sente son bilan 2024 - Bioeconomy For Change","isPartOf":{"@id":"https:\/\/international.bioeconomyforchange.eu\/#website"},"primaryImageOfPage":{"@id":"https:\/\/international.bioeconomyforchange.eu\/en\/assemblee-generale-2025-b4c-celebre-20-ans-dimpact-et-presente-son-bilan-2024\/#primaryimage"},"image":{"@id":"https:\/\/international.bioeconomyforchange.eu\/en\/assemblee-generale-2025-b4c-celebre-20-ans-dimpact-et-presente-son-bilan-2024\/#primaryimage"},"thumbnailUrl":"https:\/\/www.bioeconomyforchange.eu\/wp-content\/uploads\/2025\/06\/rapport-dactivite-2024.png","datePublished":"2025-06-16T09:19:56+00:00","dateModified":"2025-07-31T06:57:00+00:00","author":{"@id":"https:\/\/international.bioeconomyforchange.eu\/#\/schema\/person\/ba631d8b286256815053bc9e7fe155a9"},"description":"Assembl\u00e9e G\u00e9n\u00e9rale 2025 de Bioeconomy For Change : bilan 2024, 20 ans d\u2019engagement et perspectives ambitieuses pour la bio\u00e9conomie.","breadcrumb":{"@id":"https:\/\/international.bioeconomyforchange.eu\/en\/assemblee-generale-2025-b4c-celebre-20-ans-dimpact-et-presente-son-bilan-2024\/#breadcrumb"},"inLanguage":"en-US","potentialAction":[{"@type":"ReadAction","target":["https:\/\/international.bioeconomyforchange.eu\/en\/assemblee-generale-2025-b4c-celebre-20-ans-dimpact-et-presente-son-bilan-2024\/"]}]},{"@type":"ImageObject","inLanguage":"en-US","@id":"https:\/\/international.bioeconomyforchange.eu\/en\/assemblee-generale-2025-b4c-celebre-20-ans-dimpact-et-presente-son-bilan-2024\/#primaryimage","url":"https:\/\/www.bioeconomyforchange.eu\/wp-content\/uploads\/2025\/06\/rapport-dactivite-2024.png","contentUrl":"https:\/\/www.bioeconomyforchange.eu\/wp-content\/uploads\/2025\/06\/rapport-dactivite-2024.png","width":1309,"height":729,"caption":"rapport d'activit\u00e9 2024"},{"@type":"BreadcrumbList","@id":"https:\/\/international.bioeconomyforchange.eu\/en\/assemblee-generale-2025-b4c-celebre-20-ans-dimpact-et-presente-son-bilan-2024\/#breadcrumb","itemListElement":[{"@type":"ListItem","position":1,"name":"Accueil","item":"https:\/\/www.bioeconomyforchange.eu\/en\/"},{"@type":"ListItem","position":2,"name":"Assembl\u00e9e G\u00e9n\u00e9rale 2025 : B4C c\u00e9l\u00e8bre 20 ans d\u2019impact et pr\u00e9sente son bilan 2024"}]},{"@type":"WebSite","@id":"https:\/\/international.bioeconomyforchange.eu\/#website","url":"https:\/\/international.bioeconomyforchange.eu\/","name":"Bioeconomy For Change","description":"","potentialAction":[{"@type":"SearchAction","target":{"@type":"EntryPoint","urlTemplate":"https:\/\/international.bioeconomyforchange.eu\/?s={search_term_string}"},"query-input":{"@type":"PropertyValueSpecification","valueRequired":true,"valueName":"search_term_string"}}],"inLanguage":"en-US"},{"@type":"Person","@id":"https:\/\/international.bioeconomyforchange.eu\/#\/schema\/person\/ba631d8b286256815053bc9e7fe155a9","name":"Sophie Murias","image":{"@type":"ImageObject","inLanguage":"en-US","@id":"https:\/\/secure.gravatar.com\/avatar\/f4f65bda752e82a4ac94dd3349969531024b2260af6fc18e98d465af67a446d2?s=96&d=mm&r=g","url":"https:\/\/secure.gravatar.com\/avatar\/f4f65bda752e82a4ac94dd3349969531024b2260af6fc18e98d465af67a446d2?s=96&d=mm&r=g","contentUrl":"https:\/\/secure.gravatar.com\/avatar\/f4f65bda752e82a4ac94dd3349969531024b2260af6fc18e98d465af67a446d2?s=96&d=mm&r=g","caption":"Sophie Murias"},"url":"https:\/\/international.bioeconomyforchange.eu\/en\/author\/sophie\/"}]}},"_links":{"self":[{"href":"https:\/\/international.bioeconomyforchange.eu\/en\/wp-json\/wp\/v2\/posts\/68872","targetHints":{"allow":["GET"]}}],"collection":[{"href":"https:\/\/international.bioeconomyforchange.eu\/en\/wp-json\/wp\/v2\/posts"}],"about":[{"href":"https:\/\/international.bioeconomyforchange.eu\/en\/wp-json\/wp\/v2\/types\/post"}],"author":[{"embeddable":true,"href":"https:\/\/international.bioeconomyforchange.eu\/en\/wp-json\/wp\/v2\/users\/8"}],"replies":[{"embeddable":true,"href":"https:\/\/international.bioeconomyforchange.eu\/en\/wp-json\/wp\/v2\/comments?post=68872"}],"version-history":[{"count":0,"href":"https:\/\/international.bioeconomyforchange.eu\/en\/wp-json\/wp\/v2\/posts\/68872\/revisions"}],"wp:featuredmedia":[{"embeddable":true,"href":"https:\/\/international.bioeconomyforchange.eu\/en\/wp-json\/wp\/v2\/media\/68873"}],"wp:attachment":[{"href":"https:\/\/international.bioeconomyforchange.eu\/en\/wp-json\/wp\/v2\/media?parent=68872"}],"wp:term":[{"taxonomy":"category","embeddable":true,"href":"https:\/\/international.bioeconomyforchange.eu\/en\/wp-json\/wp\/v2\/categories?post=68872"},{"taxonomy":"post_tag","embeddable":true,"href":"https:\/\/international.bioeconomyforchange.eu\/en\/wp-json\/wp\/v2\/tags?post=68872"}],"curies":[{"name":"wp","href":"https:\/\/api.w.org\/{rel}","templated":true}]}}