{"id":68937,"date":"2025-06-17T16:29:17","date_gmt":"2025-06-17T14:29:17","guid":{"rendered":"https:\/\/www.bioeconomyforchange.eu\/?p=68937"},"modified":"2025-06-19T12:57:25","modified_gmt":"2025-06-19T10:57:25","slug":"b4c-et-lacdv-unissent-leurs-forces-pour-accelerer-la-bioeconomie","status":"publish","type":"post","link":"https:\/\/international.bioeconomyforchange.eu\/en\/b4c-et-lacdv-unissent-leurs-forces-pour-accelerer-la-bioeconomie\/","title":{"rendered":"B4C et l\u2019ACDV unissent leurs forces pour acc\u00e9l\u00e9rer la bio\u00e9conomie !"},"content":{"rendered":"<p data-start=\"240\" data-end=\"472\"><strong>C\u2019est d\u00e9sormais officiel : Bioeconomy For Change (B4C) et l\u2019Association Chimie du V\u00e9g\u00e9tal (ACDV) ne formeront plus qu\u2019un seul et m\u00eame acteur au service de la bio\u00e9conomie durable et innovante, d\u00e8s le 1er janvier 2026.<\/strong><\/p>\n<p data-start=\"474\" data-end=\"772\"><strong>\u00c0 la suite de votes largement favorables lors des Assembl\u00e9es g\u00e9n\u00e9rales \u2013 \u00e0 l\u2019unanimit\u00e9 pour l\u2019ACDV le 10 juin 2025 \u2013 la fusion est act\u00e9e. Ce rapprochement marque une \u00e9tape strat\u00e9gique pour structurer, renforcer et rendre plus visible toute la fili\u00e8re bio\u00e9conomie, en France comme en Europe.<\/strong><\/p>\n<p data-start=\"474\" data-end=\"772\">\n<h4 data-start=\"474\" data-end=\"772\">La parole aux Pr\u00e9sidents Michel Mangion (B4C) et Bernard Chaud (ACDV) :<\/h4>\n<p data-start=\"779\" data-end=\"809\"><iframe src=\"\/\/www.youtube.com\/embed\/Kbhz_KhLhGw\" width=\"560\" height=\"314\" allowfullscreen=\"allowfullscreen\"><\/iframe><\/p>\n<h4 data-start=\"779\" data-end=\"809\">Une structure plus puissante pour porter la voix de la bio\u00e9conomie<\/h4>\n<p data-start=\"779\" data-end=\"809\">Depuis 20 ans, B4C, r\u00e9seau r\u00e9f\u00e9rent de la bio\u00e9conomie en France et en Europe, agit pour catalyser l\u2019innovation biosourc\u00e9e et accompagner l\u2019industrialisation de projets bio\u00e9conomie dans les territoires. L\u2019ACDV s\u2019est impos\u00e9e depuis plus de 15 ans comme un acteur central dans la repr\u00e9sentation des int\u00e9r\u00eats des acteurs de la fili\u00e8re et la promotion de la chimie du v\u00e9g\u00e9tal. Fortes de ces d\u00e9cennies d\u2019engagement et reconnues pour leur r\u00f4le structurant dans l\u2019\u00e9cosyst\u00e8me, l\u2019ACDV et B4C ont con\u00e7u leur projet de fusion comme un levier strat\u00e9gique pour r\u00e9pondre aux d\u00e9fis de durabilit\u00e9 actuels et futurs des fili\u00e8res biosourc\u00e9es. En mutualisant leurs forces, B4C et l\u2019ACDV combinent veille strat\u00e9gique, relations institutionnelles et plaidoyer, innovation et industrialisation.<\/p>\n<h4 data-start=\"1103\" data-end=\"1141\"><\/h4>\n<h4 data-start=\"1103\" data-end=\"1141\">Ce que cela change concr\u00e8tement<\/h4>\n<p data-start=\"1143\" data-end=\"1199\">Avec cette nouvelle entit\u00e9 fusionn\u00e9e, le secteur gagne :<\/p>\n<ul>\n<li data-start=\"1201\" data-end=\"1506\">Une offre de services \u00e9largie et consolid\u00e9e pour nos membres<\/li>\n<li data-start=\"1201\" data-end=\"1506\">Une repr\u00e9sentation plus forte aupr\u00e8s des instances nationales et europ\u00e9ennes<\/li>\n<li data-start=\"1201\" data-end=\"1506\">Une action collective coh\u00e9rente sur toute la cha\u00eene de valeur biosourc\u00e9e, de l\u2019innovation \u00e0 l\u2019industrialisation<\/li>\n<\/ul>\n<h3 data-start=\"1513\" data-end=\"1575\"><\/h3>\n<h4 data-start=\"1513\" data-end=\"1575\">Une feuille de route structur\u00e9e autour de 5 leviers :<\/h4>\n<ol>\n<li data-start=\"1580\" data-end=\"1667\">D\u00e9velopper une offre de services \u00e9largie pour nos adh\u00e9rents<\/li>\n<li data-start=\"1580\" data-end=\"1667\">Int\u00e9grer toute la cha\u00eene de valeur, de l\u2019amont \u00e0 l\u2019aval, en construisant des synergies avec l\u2019ensemble des acteurs de la bio\u00e9conomie \u00e0 travers une approche plurielle.<\/li>\n<li data-start=\"1580\" data-end=\"1667\">Amplifier notre impact r\u00e9gional, national et europ\u00e9en<\/li>\n<li data-start=\"1580\" data-end=\"1667\">Renforcer notre position sur des th\u00e8mes strat\u00e9giques<\/li>\n<li data-start=\"1580\" data-end=\"1667\">Elargir la lisibilit\u00e9 de tout l\u2019\u00e9cosyst\u00e8me de la bio\u00e9conomie<\/li>\n<\/ol>\n<h3 data-start=\"1982\" data-end=\"2025\"><\/h3>\n<h4 data-start=\"1982\" data-end=\"2025\">Une dynamique collective pour demain<\/h4>\n<p data-start=\"2027\" data-end=\"2305\">Ce rapprochement est plus qu\u2019une fusion administrative : c\u2019est <strong data-start=\"2090\" data-end=\"2113\">une vision partag\u00e9e<\/strong> pour faire de la bio\u00e9conomie un pilier central d\u2019un mod\u00e8le de d\u00e9veloppement durable, capable de r\u00e9pondre aux enjeux de souverainet\u00e9, de transition \u00e9cologique et de comp\u00e9titivit\u00e9 industrielle.<\/p>\n<p data-start=\"2312\" data-end=\"2478\">\n<p data-start=\"2312\" data-end=\"2478\"><strong data-start=\"2315\" data-end=\"2343\">Envie d\u2019en savoir plus ?<\/strong><br data-start=\"2343\" data-end=\"2346\" \/>Retrouvez toutes les r\u00e9ponses \u00e0 vos questions dans notre FAQ d\u00e9di\u00e9e :<br data-start=\"2415\" data-end=\"2418\" \/><span style=\"text-decoration: underline;\"><em><a href=\"https:\/\/www.bioeconomyforchange.eu\/fusion-b4c-x-acdv-foire-aux-questions\/\">Consultez la FAQ compl\u00e8te ici<\/a><\/em><\/span><\/p>\n","protected":false},"excerpt":{"rendered":"<p>C\u2019est d\u00e9sormais officiel : Bioeconomy For Change (B4C) et l\u2019Association Chimie du V\u00e9g\u00e9tal (ACDV) ne formeront plus qu\u2019un seul et m\u00eame acteur au service de la bio\u00e9conomie durable et innovante, d\u00e8s le 1er janvier 2026. \u00c0 la suite de votes largement favorables lors des Assembl\u00e9es g\u00e9n\u00e9rales \u2013 \u00e0 l\u2019unanimit\u00e9 pour l\u2019ACDV le 10 juin 2025 [&hellip;]<\/p>\n","protected":false},"author":8,"featured_media":68942,"comment_status":"closed","ping_status":"closed","sticky":false,"template":"","format":"standard","meta":{"footnotes":""},"categories":[146],"tags":[],"class_list":["post-68937","post","type-post","status-publish","format-standard","has-post-thumbnail","hentry","category-change-en"],"yoast_head":"<!-- This site is optimized with the Yoast SEO plugin v27.2 - https:\/\/yoast.com\/product\/yoast-seo-wordpress\/ -->\n<title>B4C et l\u2019ACDV unissent leurs forces pour acc\u00e9l\u00e9rer la bio\u00e9conomie ! - Bioeconomy For Change<\/title>\n<meta name=\"description\" content=\"Bioeconomy For Change et l\u2019ACDV fusionnent d\u00e8s le 1er janvier 2026 pour devenir un acteur unique de la bio\u00e9conomie durable et innovante.\" \/>\n<meta name=\"robots\" content=\"index, follow, max-snippet:-1, max-image-preview:large, max-video-preview:-1\" \/>\n<link rel=\"canonical\" href=\"https:\/\/www.bioeconomyforchange.eu\/b4c-et-lacdv-unissent-leurs-forces-pour-accelerer-la-bioeconomie\/\" \/>\n<meta property=\"og:locale\" content=\"en_US\" \/>\n<meta property=\"og:type\" content=\"article\" \/>\n<meta property=\"og:title\" content=\"B4C et l\u2019ACDV unissent leurs forces pour acc\u00e9l\u00e9rer la bio\u00e9conomie ! - Bioeconomy For Change\" \/>\n<meta property=\"og:description\" content=\"Bioeconomy For Change et l\u2019ACDV fusionnent d\u00e8s le 1er janvier 2026 pour devenir un acteur unique de la bio\u00e9conomie durable et innovante.\" \/>\n<meta property=\"og:url\" content=\"https:\/\/www.bioeconomyforchange.eu\/b4c-et-lacdv-unissent-leurs-forces-pour-accelerer-la-bioeconomie\/\" \/>\n<meta property=\"og:site_name\" content=\"Bioeconomy For Change\" \/>\n<meta property=\"article:published_time\" content=\"2025-06-17T14:29:17+00:00\" \/>\n<meta property=\"article:modified_time\" content=\"2025-06-19T10:57:25+00:00\" \/>\n<meta property=\"og:image\" content=\"https:\/\/www.bioeconomyforchange.eu\/wp-content\/uploads\/2025\/06\/B4C-et-lACDV-unissent-leurs-forces.png\" \/>\n\t<meta property=\"og:image:width\" content=\"1240\" \/>\n\t<meta property=\"og:image:height\" content=\"657\" \/>\n\t<meta property=\"og:image:type\" content=\"image\/png\" \/>\n<meta name=\"author\" content=\"Sophie Murias\" \/>\n<meta name=\"twitter:card\" content=\"summary_large_image\" \/>\n<meta name=\"twitter:label1\" content=\"Written by\" \/>\n\t<meta name=\"twitter:data1\" content=\"Sophie Murias\" \/>\n\t<meta name=\"twitter:label2\" content=\"Est. reading time\" \/>\n\t<meta name=\"twitter:data2\" content=\"3 minutes\" \/>\n<script type=\"application\/ld+json\" class=\"yoast-schema-graph\">{\"@context\":\"https:\/\/schema.org\",\"@graph\":[{\"@type\":\"Article\",\"@id\":\"https:\/\/www.bioeconomyforchange.eu\/b4c-et-lacdv-unissent-leurs-forces-pour-accelerer-la-bioeconomie\/#article\",\"isPartOf\":{\"@id\":\"https:\/\/www.bioeconomyforchange.eu\/b4c-et-lacdv-unissent-leurs-forces-pour-accelerer-la-bioeconomie\/\"},\"author\":{\"name\":\"Sophie Murias\",\"@id\":\"https:\/\/international.bioeconomyforchange.eu\/#\/schema\/person\/ba631d8b286256815053bc9e7fe155a9\"},\"headline\":\"B4C et l\u2019ACDV unissent leurs forces pour acc\u00e9l\u00e9rer la bio\u00e9conomie !\",\"datePublished\":\"2025-06-17T14:29:17+00:00\",\"dateModified\":\"2025-06-19T10:57:25+00:00\",\"mainEntityOfPage\":{\"@id\":\"https:\/\/www.bioeconomyforchange.eu\/b4c-et-lacdv-unissent-leurs-forces-pour-accelerer-la-bioeconomie\/\"},\"wordCount\":492,\"image\":{\"@id\":\"https:\/\/www.bioeconomyforchange.eu\/b4c-et-lacdv-unissent-leurs-forces-pour-accelerer-la-bioeconomie\/#primaryimage\"},\"thumbnailUrl\":\"https:\/\/www.bioeconomyforchange.eu\/wp-content\/uploads\/2025\/06\/B4C-et-lACDV-unissent-leurs-forces.png\",\"articleSection\":[\"Change\"],\"inLanguage\":\"en-US\"},{\"@type\":\"WebPage\",\"@id\":\"https:\/\/www.bioeconomyforchange.eu\/b4c-et-lacdv-unissent-leurs-forces-pour-accelerer-la-bioeconomie\/\",\"url\":\"https:\/\/www.bioeconomyforchange.eu\/b4c-et-lacdv-unissent-leurs-forces-pour-accelerer-la-bioeconomie\/\",\"name\":\"B4C et l\u2019ACDV unissent leurs forces pour acc\u00e9l\u00e9rer la bio\u00e9conomie ! - Bioeconomy For Change\",\"isPartOf\":{\"@id\":\"https:\/\/international.bioeconomyforchange.eu\/#website\"},\"primaryImageOfPage\":{\"@id\":\"https:\/\/www.bioeconomyforchange.eu\/b4c-et-lacdv-unissent-leurs-forces-pour-accelerer-la-bioeconomie\/#primaryimage\"},\"image\":{\"@id\":\"https:\/\/www.bioeconomyforchange.eu\/b4c-et-lacdv-unissent-leurs-forces-pour-accelerer-la-bioeconomie\/#primaryimage\"},\"thumbnailUrl\":\"https:\/\/www.bioeconomyforchange.eu\/wp-content\/uploads\/2025\/06\/B4C-et-lACDV-unissent-leurs-forces.png\",\"datePublished\":\"2025-06-17T14:29:17+00:00\",\"dateModified\":\"2025-06-19T10:57:25+00:00\",\"author\":{\"@id\":\"https:\/\/international.bioeconomyforchange.eu\/#\/schema\/person\/ba631d8b286256815053bc9e7fe155a9\"},\"description\":\"Bioeconomy For Change et l\u2019ACDV fusionnent d\u00e8s le 1er janvier 2026 pour devenir un acteur unique de la bio\u00e9conomie durable et innovante.\",\"breadcrumb\":{\"@id\":\"https:\/\/www.bioeconomyforchange.eu\/b4c-et-lacdv-unissent-leurs-forces-pour-accelerer-la-bioeconomie\/#breadcrumb\"},\"inLanguage\":\"en-US\",\"potentialAction\":[{\"@type\":\"ReadAction\",\"target\":[\"https:\/\/www.bioeconomyforchange.eu\/b4c-et-lacdv-unissent-leurs-forces-pour-accelerer-la-bioeconomie\/\"]}]},{\"@type\":\"ImageObject\",\"inLanguage\":\"en-US\",\"@id\":\"https:\/\/www.bioeconomyforchange.eu\/b4c-et-lacdv-unissent-leurs-forces-pour-accelerer-la-bioeconomie\/#primaryimage\",\"url\":\"https:\/\/www.bioeconomyforchange.eu\/wp-content\/uploads\/2025\/06\/B4C-et-lACDV-unissent-leurs-forces.png\",\"contentUrl\":\"https:\/\/www.bioeconomyforchange.eu\/wp-content\/uploads\/2025\/06\/B4C-et-lACDV-unissent-leurs-forces.png\",\"width\":1240,\"height\":657},{\"@type\":\"BreadcrumbList\",\"@id\":\"https:\/\/www.bioeconomyforchange.eu\/b4c-et-lacdv-unissent-leurs-forces-pour-accelerer-la-bioeconomie\/#breadcrumb\",\"itemListElement\":[{\"@type\":\"ListItem\",\"position\":1,\"name\":\"Accueil\",\"item\":\"https:\/\/www.bioeconomyforchange.eu\/en\/\"},{\"@type\":\"ListItem\",\"position\":2,\"name\":\"B4C et l\u2019ACDV unissent leurs forces pour acc\u00e9l\u00e9rer la bio\u00e9conomie !\"}]},{\"@type\":\"WebSite\",\"@id\":\"https:\/\/international.bioeconomyforchange.eu\/#website\",\"url\":\"https:\/\/international.bioeconomyforchange.eu\/\",\"name\":\"Bioeconomy For Change\",\"description\":\"\",\"potentialAction\":[{\"@type\":\"SearchAction\",\"target\":{\"@type\":\"EntryPoint\",\"urlTemplate\":\"https:\/\/international.bioeconomyforchange.eu\/?s={search_term_string}\"},\"query-input\":{\"@type\":\"PropertyValueSpecification\",\"valueRequired\":true,\"valueName\":\"search_term_string\"}}],\"inLanguage\":\"en-US\"},{\"@type\":\"Person\",\"@id\":\"https:\/\/international.bioeconomyforchange.eu\/#\/schema\/person\/ba631d8b286256815053bc9e7fe155a9\",\"name\":\"Sophie Murias\",\"image\":{\"@type\":\"ImageObject\",\"inLanguage\":\"en-US\",\"@id\":\"https:\/\/secure.gravatar.com\/avatar\/f4f65bda752e82a4ac94dd3349969531024b2260af6fc18e98d465af67a446d2?s=96&d=mm&r=g\",\"url\":\"https:\/\/secure.gravatar.com\/avatar\/f4f65bda752e82a4ac94dd3349969531024b2260af6fc18e98d465af67a446d2?s=96&d=mm&r=g\",\"contentUrl\":\"https:\/\/secure.gravatar.com\/avatar\/f4f65bda752e82a4ac94dd3349969531024b2260af6fc18e98d465af67a446d2?s=96&d=mm&r=g\",\"caption\":\"Sophie Murias\"},\"url\":\"https:\/\/international.bioeconomyforchange.eu\/en\/author\/sophie\/\"}]}<\/script>\n<!-- \/ Yoast SEO plugin. -->","yoast_head_json":{"title":"B4C et l\u2019ACDV unissent leurs forces pour acc\u00e9l\u00e9rer la bio\u00e9conomie ! - Bioeconomy For Change","description":"Bioeconomy For Change et l\u2019ACDV fusionnent d\u00e8s le 1er janvier 2026 pour devenir un acteur unique de la bio\u00e9conomie durable et innovante.","robots":{"index":"index","follow":"follow","max-snippet":"max-snippet:-1","max-image-preview":"max-image-preview:large","max-video-preview":"max-video-preview:-1"},"canonical":"https:\/\/www.bioeconomyforchange.eu\/b4c-et-lacdv-unissent-leurs-forces-pour-accelerer-la-bioeconomie\/","og_locale":"en_US","og_type":"article","og_title":"B4C et l\u2019ACDV unissent leurs forces pour acc\u00e9l\u00e9rer la bio\u00e9conomie ! - Bioeconomy For Change","og_description":"Bioeconomy For Change et l\u2019ACDV fusionnent d\u00e8s le 1er janvier 2026 pour devenir un acteur unique de la bio\u00e9conomie durable et innovante.","og_url":"https:\/\/www.bioeconomyforchange.eu\/b4c-et-lacdv-unissent-leurs-forces-pour-accelerer-la-bioeconomie\/","og_site_name":"Bioeconomy For Change","article_published_time":"2025-06-17T14:29:17+00:00","article_modified_time":"2025-06-19T10:57:25+00:00","og_image":[{"width":1240,"height":657,"url":"https:\/\/www.bioeconomyforchange.eu\/wp-content\/uploads\/2025\/06\/B4C-et-lACDV-unissent-leurs-forces.png","type":"image\/png"}],"author":"Sophie Murias","twitter_card":"summary_large_image","twitter_misc":{"Written by":"Sophie Murias","Est. reading time":"3 minutes"},"schema":{"@context":"https:\/\/schema.org","@graph":[{"@type":"Article","@id":"https:\/\/www.bioeconomyforchange.eu\/b4c-et-lacdv-unissent-leurs-forces-pour-accelerer-la-bioeconomie\/#article","isPartOf":{"@id":"https:\/\/www.bioeconomyforchange.eu\/b4c-et-lacdv-unissent-leurs-forces-pour-accelerer-la-bioeconomie\/"},"author":{"name":"Sophie Murias","@id":"https:\/\/international.bioeconomyforchange.eu\/#\/schema\/person\/ba631d8b286256815053bc9e7fe155a9"},"headline":"B4C et l\u2019ACDV unissent leurs forces pour acc\u00e9l\u00e9rer la bio\u00e9conomie !","datePublished":"2025-06-17T14:29:17+00:00","dateModified":"2025-06-19T10:57:25+00:00","mainEntityOfPage":{"@id":"https:\/\/www.bioeconomyforchange.eu\/b4c-et-lacdv-unissent-leurs-forces-pour-accelerer-la-bioeconomie\/"},"wordCount":492,"image":{"@id":"https:\/\/www.bioeconomyforchange.eu\/b4c-et-lacdv-unissent-leurs-forces-pour-accelerer-la-bioeconomie\/#primaryimage"},"thumbnailUrl":"https:\/\/www.bioeconomyforchange.eu\/wp-content\/uploads\/2025\/06\/B4C-et-lACDV-unissent-leurs-forces.png","articleSection":["Change"],"inLanguage":"en-US"},{"@type":"WebPage","@id":"https:\/\/www.bioeconomyforchange.eu\/b4c-et-lacdv-unissent-leurs-forces-pour-accelerer-la-bioeconomie\/","url":"https:\/\/www.bioeconomyforchange.eu\/b4c-et-lacdv-unissent-leurs-forces-pour-accelerer-la-bioeconomie\/","name":"B4C et l\u2019ACDV unissent leurs forces pour acc\u00e9l\u00e9rer la bio\u00e9conomie ! - Bioeconomy For Change","isPartOf":{"@id":"https:\/\/international.bioeconomyforchange.eu\/#website"},"primaryImageOfPage":{"@id":"https:\/\/www.bioeconomyforchange.eu\/b4c-et-lacdv-unissent-leurs-forces-pour-accelerer-la-bioeconomie\/#primaryimage"},"image":{"@id":"https:\/\/www.bioeconomyforchange.eu\/b4c-et-lacdv-unissent-leurs-forces-pour-accelerer-la-bioeconomie\/#primaryimage"},"thumbnailUrl":"https:\/\/www.bioeconomyforchange.eu\/wp-content\/uploads\/2025\/06\/B4C-et-lACDV-unissent-leurs-forces.png","datePublished":"2025-06-17T14:29:17+00:00","dateModified":"2025-06-19T10:57:25+00:00","author":{"@id":"https:\/\/international.bioeconomyforchange.eu\/#\/schema\/person\/ba631d8b286256815053bc9e7fe155a9"},"description":"Bioeconomy For Change et l\u2019ACDV fusionnent d\u00e8s le 1er janvier 2026 pour devenir un acteur unique de la bio\u00e9conomie durable et innovante.","breadcrumb":{"@id":"https:\/\/www.bioeconomyforchange.eu\/b4c-et-lacdv-unissent-leurs-forces-pour-accelerer-la-bioeconomie\/#breadcrumb"},"inLanguage":"en-US","potentialAction":[{"@type":"ReadAction","target":["https:\/\/www.bioeconomyforchange.eu\/b4c-et-lacdv-unissent-leurs-forces-pour-accelerer-la-bioeconomie\/"]}]},{"@type":"ImageObject","inLanguage":"en-US","@id":"https:\/\/www.bioeconomyforchange.eu\/b4c-et-lacdv-unissent-leurs-forces-pour-accelerer-la-bioeconomie\/#primaryimage","url":"https:\/\/www.bioeconomyforchange.eu\/wp-content\/uploads\/2025\/06\/B4C-et-lACDV-unissent-leurs-forces.png","contentUrl":"https:\/\/www.bioeconomyforchange.eu\/wp-content\/uploads\/2025\/06\/B4C-et-lACDV-unissent-leurs-forces.png","width":1240,"height":657},{"@type":"BreadcrumbList","@id":"https:\/\/www.bioeconomyforchange.eu\/b4c-et-lacdv-unissent-leurs-forces-pour-accelerer-la-bioeconomie\/#breadcrumb","itemListElement":[{"@type":"ListItem","position":1,"name":"Accueil","item":"https:\/\/www.bioeconomyforchange.eu\/en\/"},{"@type":"ListItem","position":2,"name":"B4C et l\u2019ACDV unissent leurs forces pour acc\u00e9l\u00e9rer la bio\u00e9conomie !"}]},{"@type":"WebSite","@id":"https:\/\/international.bioeconomyforchange.eu\/#website","url":"https:\/\/international.bioeconomyforchange.eu\/","name":"Bioeconomy For Change","description":"","potentialAction":[{"@type":"SearchAction","target":{"@type":"EntryPoint","urlTemplate":"https:\/\/international.bioeconomyforchange.eu\/?s={search_term_string}"},"query-input":{"@type":"PropertyValueSpecification","valueRequired":true,"valueName":"search_term_string"}}],"inLanguage":"en-US"},{"@type":"Person","@id":"https:\/\/international.bioeconomyforchange.eu\/#\/schema\/person\/ba631d8b286256815053bc9e7fe155a9","name":"Sophie Murias","image":{"@type":"ImageObject","inLanguage":"en-US","@id":"https:\/\/secure.gravatar.com\/avatar\/f4f65bda752e82a4ac94dd3349969531024b2260af6fc18e98d465af67a446d2?s=96&d=mm&r=g","url":"https:\/\/secure.gravatar.com\/avatar\/f4f65bda752e82a4ac94dd3349969531024b2260af6fc18e98d465af67a446d2?s=96&d=mm&r=g","contentUrl":"https:\/\/secure.gravatar.com\/avatar\/f4f65bda752e82a4ac94dd3349969531024b2260af6fc18e98d465af67a446d2?s=96&d=mm&r=g","caption":"Sophie Murias"},"url":"https:\/\/international.bioeconomyforchange.eu\/en\/author\/sophie\/"}]}},"_links":{"self":[{"href":"https:\/\/international.bioeconomyforchange.eu\/en\/wp-json\/wp\/v2\/posts\/68937","targetHints":{"allow":["GET"]}}],"collection":[{"href":"https:\/\/international.bioeconomyforchange.eu\/en\/wp-json\/wp\/v2\/posts"}],"about":[{"href":"https:\/\/international.bioeconomyforchange.eu\/en\/wp-json\/wp\/v2\/types\/post"}],"author":[{"embeddable":true,"href":"https:\/\/international.bioeconomyforchange.eu\/en\/wp-json\/wp\/v2\/users\/8"}],"replies":[{"embeddable":true,"href":"https:\/\/international.bioeconomyforchange.eu\/en\/wp-json\/wp\/v2\/comments?post=68937"}],"version-history":[{"count":0,"href":"https:\/\/international.bioeconomyforchange.eu\/en\/wp-json\/wp\/v2\/posts\/68937\/revisions"}],"wp:featuredmedia":[{"embeddable":true,"href":"https:\/\/international.bioeconomyforchange.eu\/en\/wp-json\/wp\/v2\/media\/68942"}],"wp:attachment":[{"href":"https:\/\/international.bioeconomyforchange.eu\/en\/wp-json\/wp\/v2\/media?parent=68937"}],"wp:term":[{"taxonomy":"category","embeddable":true,"href":"https:\/\/international.bioeconomyforchange.eu\/en\/wp-json\/wp\/v2\/categories?post=68937"},{"taxonomy":"post_tag","embeddable":true,"href":"https:\/\/international.bioeconomyforchange.eu\/en\/wp-json\/wp\/v2\/tags?post=68937"}],"curies":[{"name":"wp","href":"https:\/\/api.w.org\/{rel}","templated":true}]}}